{"id":3719,"date":"2017-12-06T11:34:35","date_gmt":"2017-12-06T10:34:35","guid":{"rendered":"http:\/\/www.mecaloire.fr\/?p=3719"},"modified":"2017-12-06T11:34:35","modified_gmt":"2017-12-06T10:34:35","slug":"vendredi-15-decembre-atelier-designers","status":"publish","type":"post","link":"https:\/\/old.mecaloire.fr\/?p=3719","title":{"rendered":"Vendredi 15 d\u00e9cembre : Atelier Designers+"},"content":{"rendered":"<p>Atelier Designers+ : Les diff\u00e9rents mod\u00e8les juridiques pour les projets collaboratifs. Vendredi 15 d\u00e9cembre, de 9h30 \u00e0 12h, Design Room dans le b\u00e2timent la Platine &#8211; Cit\u00e9 du design .<\/p>\n<p><!--more--><\/p>\n<p>Intervenant: Franck de Peyronnet Avocat pour le Cabinet Via Juris.<\/p>\n<p>Si le facteur humain est l&#8217;un des principaux ingr\u00e9dients d&#8217;une collaboration r\u00e9ussie, la question du mod\u00e8le collaboratif l&#8217;est tout autant. Pour \u00e9viter des d\u00e9rapages et gagner du temps dans la gestion des collaborations, il est n\u00e9cessaire de bien comprendre ce que chaque mod\u00e8le sous-tend en mati\u00e8re d&#8217;implication et de responsabilit\u00e9.<\/p>\n<p>Programme :<\/p>\n<p>La soci\u00e9t\u00e9 en participation ;<br \/>\nLe groupement d\u2019int\u00e9r\u00eat \u00e9conomique (GIE) ;<br \/>\nLa cr\u00e9ation d\u2019une soci\u00e9t\u00e9 et la mise en place d\u2019un pacte d\u2019associ\u00e9s ;<br \/>\nL\u2019association.<\/p>\n<p>Inscription gratuite et obligatoire : <a href=\"https:\/\/doodle.com\/poll\/gugh3qtfbn7i99wc\">s&#8217;inscrire<\/a><\/p>\n<p>&nbsp;<\/p>\n<p>&nbsp;<\/p>\n","protected":false},"excerpt":{"rendered":"<p>Atelier Designers+ : Les diff\u00e9rents mod\u00e8les juridiques pour les projets collaboratifs. Vendredi 15 d\u00e9cembre, de 9h30 \u00e0 12h, Design Room dans le b\u00e2timent la Platine &#8211; Cit\u00e9 du design .<\/p>\n","protected":false},"author":4,"featured_media":0,"comment_status":"closed","ping_status":"open","sticky":false,"template":"","format":"standard","meta":[],"categories":[5],"tags":[],"yoast_head":"<!-- This site is optimized with the Yoast SEO plugin v18.8 - https:\/\/yoast.com\/wordpress\/plugins\/seo\/ -->\n<title>Vendredi 15 d\u00e9cembre : Atelier Designers+ - M\u00e9caloire<\/title>\n<meta name=\"robots\" content=\"index, follow, max-snippet:-1, max-image-preview:large, max-video-preview:-1\" \/>\n<link rel=\"canonical\" href=\"https:\/\/old.mecaloire.fr\/?p=3719\" \/>\n<meta property=\"og:locale\" content=\"fr_FR\" \/>\n<meta property=\"og:type\" content=\"article\" \/>\n<meta property=\"og:title\" content=\"Vendredi 15 d\u00e9cembre : Atelier Designers+ - M\u00e9caloire\" \/>\n<meta property=\"og:description\" content=\"Atelier Designers+ : Les diff\u00e9rents mod\u00e8les juridiques pour les projets collaboratifs. Vendredi 15 d\u00e9cembre, de 9h30 \u00e0 12h, Design Room dans le b\u00e2timent la Platine &#8211; Cit\u00e9 du design .\" \/>\n<meta property=\"og:url\" content=\"https:\/\/old.mecaloire.fr\/?p=3719\" \/>\n<meta property=\"og:site_name\" content=\"M\u00e9caloire\" \/>\n<meta property=\"article:published_time\" content=\"2017-12-06T10:34:35+00:00\" \/>\n<meta name=\"twitter:card\" content=\"summary\" \/>\n<meta name=\"twitter:label1\" content=\"\u00c9crit par\" \/>\n\t<meta name=\"twitter:data1\" content=\"Laurence Magaud\" \/>\n\t<meta name=\"twitter:label2\" content=\"Dur\u00e9e de lecture estim\u00e9e\" \/>\n\t<meta name=\"twitter:data2\" content=\"1 minute\" \/>\n<script type=\"application\/ld+json\" class=\"yoast-schema-graph\">{\"@context\":\"https:\/\/schema.org\",\"@graph\":[{\"@type\":\"WebSite\",\"@id\":\"https:\/\/old.mecaloire.fr\/#website\",\"url\":\"https:\/\/old.mecaloire.fr\/\",\"name\":\"M\u00e9caloire\",\"description\":\"\",\"potentialAction\":[{\"@type\":\"SearchAction\",\"target\":{\"@type\":\"EntryPoint\",\"urlTemplate\":\"https:\/\/old.mecaloire.fr\/?s={search_term_string}\"},\"query-input\":\"required name=search_term_string\"}],\"inLanguage\":\"fr-FR\"},{\"@type\":\"WebPage\",\"@id\":\"https:\/\/old.mecaloire.fr\/?p=3719#webpage\",\"url\":\"https:\/\/old.mecaloire.fr\/?p=3719\",\"name\":\"Vendredi 15 d\u00e9cembre : Atelier Designers+ - M\u00e9caloire\",\"isPartOf\":{\"@id\":\"https:\/\/old.mecaloire.fr\/#website\"},\"datePublished\":\"2017-12-06T10:34:35+00:00\",\"dateModified\":\"2017-12-06T10:34:35+00:00\",\"author\":{\"@id\":\"https:\/\/old.mecaloire.fr\/#\/schema\/person\/99ee6086c10fad9ada49333ff046e8db\"},\"breadcrumb\":{\"@id\":\"https:\/\/old.mecaloire.fr\/?p=3719#breadcrumb\"},\"inLanguage\":\"fr-FR\",\"potentialAction\":[{\"@type\":\"ReadAction\",\"target\":[\"https:\/\/old.mecaloire.fr\/?p=3719\"]}]},{\"@type\":\"BreadcrumbList\",\"@id\":\"https:\/\/old.mecaloire.fr\/?p=3719#breadcrumb\",\"itemListElement\":[{\"@type\":\"ListItem\",\"position\":1,\"name\":\"Accueil\",\"item\":\"https:\/\/old.mecaloire.fr\/\"},{\"@type\":\"ListItem\",\"position\":2,\"name\":\"Vendredi 15 d\u00e9cembre : Atelier Designers+\"}]},{\"@type\":\"Person\",\"@id\":\"https:\/\/old.mecaloire.fr\/#\/schema\/person\/99ee6086c10fad9ada49333ff046e8db\",\"name\":\"Laurence Magaud\",\"image\":{\"@type\":\"ImageObject\",\"inLanguage\":\"fr-FR\",\"@id\":\"https:\/\/old.mecaloire.fr\/#\/schema\/person\/image\/\",\"url\":\"https:\/\/secure.gravatar.com\/avatar\/180a9bbd61c961d7ddcfeaaa510effe5?s=96&d=mm&r=g\",\"contentUrl\":\"https:\/\/secure.gravatar.com\/avatar\/180a9bbd61c961d7ddcfeaaa510effe5?s=96&d=mm&r=g\",\"caption\":\"Laurence Magaud\"},\"url\":\"https:\/\/old.mecaloire.fr\/?author=4\"}]}<\/script>\n<!-- \/ Yoast SEO plugin. -->","yoast_head_json":{"title":"Vendredi 15 d\u00e9cembre : Atelier Designers+ - M\u00e9caloire","robots":{"index":"index","follow":"follow","max-snippet":"max-snippet:-1","max-image-preview":"max-image-preview:large","max-video-preview":"max-video-preview:-1"},"canonical":"https:\/\/old.mecaloire.fr\/?p=3719","og_locale":"fr_FR","og_type":"article","og_title":"Vendredi 15 d\u00e9cembre : Atelier Designers+ - M\u00e9caloire","og_description":"Atelier Designers+ : Les diff\u00e9rents mod\u00e8les juridiques pour les projets collaboratifs. Vendredi 15 d\u00e9cembre, de 9h30 \u00e0 12h, Design Room dans le b\u00e2timent la Platine &#8211; Cit\u00e9 du design .","og_url":"https:\/\/old.mecaloire.fr\/?p=3719","og_site_name":"M\u00e9caloire","article_published_time":"2017-12-06T10:34:35+00:00","twitter_card":"summary","twitter_misc":{"\u00c9crit par":"Laurence Magaud","Dur\u00e9e de lecture estim\u00e9e":"1 minute"},"schema":{"@context":"https:\/\/schema.org","@graph":[{"@type":"WebSite","@id":"https:\/\/old.mecaloire.fr\/#website","url":"https:\/\/old.mecaloire.fr\/","name":"M\u00e9caloire","description":"","potentialAction":[{"@type":"SearchAction","target":{"@type":"EntryPoint","urlTemplate":"https:\/\/old.mecaloire.fr\/?s={search_term_string}"},"query-input":"required name=search_term_string"}],"inLanguage":"fr-FR"},{"@type":"WebPage","@id":"https:\/\/old.mecaloire.fr\/?p=3719#webpage","url":"https:\/\/old.mecaloire.fr\/?p=3719","name":"Vendredi 15 d\u00e9cembre : Atelier Designers+ - M\u00e9caloire","isPartOf":{"@id":"https:\/\/old.mecaloire.fr\/#website"},"datePublished":"2017-12-06T10:34:35+00:00","dateModified":"2017-12-06T10:34:35+00:00","author":{"@id":"https:\/\/old.mecaloire.fr\/#\/schema\/person\/99ee6086c10fad9ada49333ff046e8db"},"breadcrumb":{"@id":"https:\/\/old.mecaloire.fr\/?p=3719#breadcrumb"},"inLanguage":"fr-FR","potentialAction":[{"@type":"ReadAction","target":["https:\/\/old.mecaloire.fr\/?p=3719"]}]},{"@type":"BreadcrumbList","@id":"https:\/\/old.mecaloire.fr\/?p=3719#breadcrumb","itemListElement":[{"@type":"ListItem","position":1,"name":"Accueil","item":"https:\/\/old.mecaloire.fr\/"},{"@type":"ListItem","position":2,"name":"Vendredi 15 d\u00e9cembre : Atelier Designers+"}]},{"@type":"Person","@id":"https:\/\/old.mecaloire.fr\/#\/schema\/person\/99ee6086c10fad9ada49333ff046e8db","name":"Laurence Magaud","image":{"@type":"ImageObject","inLanguage":"fr-FR","@id":"https:\/\/old.mecaloire.fr\/#\/schema\/person\/image\/","url":"https:\/\/secure.gravatar.com\/avatar\/180a9bbd61c961d7ddcfeaaa510effe5?s=96&d=mm&r=g","contentUrl":"https:\/\/secure.gravatar.com\/avatar\/180a9bbd61c961d7ddcfeaaa510effe5?s=96&d=mm&r=g","caption":"Laurence Magaud"},"url":"https:\/\/old.mecaloire.fr\/?author=4"}]}},"_links":{"self":[{"href":"https:\/\/old.mecaloire.fr\/index.php?rest_route=\/wp\/v2\/posts\/3719"}],"collection":[{"href":"https:\/\/old.mecaloire.fr\/index.php?rest_route=\/wp\/v2\/posts"}],"about":[{"href":"https:\/\/old.mecaloire.fr\/index.php?rest_route=\/wp\/v2\/types\/post"}],"author":[{"embeddable":true,"href":"https:\/\/old.mecaloire.fr\/index.php?rest_route=\/wp\/v2\/users\/4"}],"replies":[{"embeddable":true,"href":"https:\/\/old.mecaloire.fr\/index.php?rest_route=%2Fwp%2Fv2%2Fcomments&post=3719"}],"version-history":[{"count":1,"href":"https:\/\/old.mecaloire.fr\/index.php?rest_route=\/wp\/v2\/posts\/3719\/revisions"}],"predecessor-version":[{"id":3720,"href":"https:\/\/old.mecaloire.fr\/index.php?rest_route=\/wp\/v2\/posts\/3719\/revisions\/3720"}],"wp:attachment":[{"href":"https:\/\/old.mecaloire.fr\/index.php?rest_route=%2Fwp%2Fv2%2Fmedia&parent=3719"}],"wp:term":[{"taxonomy":"category","embeddable":true,"href":"https:\/\/old.mecaloire.fr\/index.php?rest_route=%2Fwp%2Fv2%2Fcategories&post=3719"},{"taxonomy":"post_tag","embeddable":true,"href":"https:\/\/old.mecaloire.fr\/index.php?rest_route=%2Fwp%2Fv2%2Ftags&post=3719"}],"curies":[{"name":"wp","href":"https:\/\/api.w.org\/{rel}","templated":true}]}}