{"id":3721,"date":"2017-12-06T12:00:57","date_gmt":"2017-12-06T11:00:57","guid":{"rendered":"http:\/\/www.mecaloire.fr\/?p=3721"},"modified":"2017-12-06T12:00:57","modified_gmt":"2017-12-06T11:00:57","slug":"action-collective-design-organisationnel","status":"publish","type":"post","link":"https:\/\/old.mecaloire.fr\/?p=3721","title":{"rendered":"Action collective Design Organisationnel"},"content":{"rendered":"<p>La Cit\u00e9 du Design propose, pour les adh\u00e9rents int\u00e9ress\u00e9s, une Action collective \u00ab design et organisation \u00bb.<!--more--><\/p>\n<div class=\"page\" title=\"Page 2\">\n<div class=\"section\">\n<div class=\"layoutArea\">\n<div class=\"column\">\n<p>Accompagner 10 entreprises a\u0300 l\u2019inte\u0301gration d\u2019une de\u0301marche<br \/>\ndesign sous toutes ses formes (design de service, produit, syste\u0300mes&#8230;)<\/p>\n<p>Financement : Direccte<\/p>\n<p>Cibles:<\/p>\n<ul>\n<li>TPE, PME, ETI<\/li>\n<li>Technologies me\u0301dicales, bien-etre, sante\u0301, senior<\/li>\n<li>Region Auvergne-Rho\u0302ne-Alpes\n<p>Applications suivant 2 cas principaux :<\/li>\n<\/ul>\n<ul>\n<li>Projet precis : \u00ab pretexte \u00bb a\u0300 integrer de nouvelles methodologies de travail, amener une reflexion sur l\u2019implication des services sur un projet&#8230;<\/li>\n<li>Reflexion plus large sur l\u2019organisation de l\u2019entreprise (interne\/externe) : impacts eventuels en terme d\u2019ame\u0301nagement d\u2019espace, integration de methodologies de travail, nouvelles formes de management&#8230;\n<p>T\u00e9l\u00e9charger le document : <a href=\"http:\/\/www.mecaloire.fr\/wp-content\/uploads\/2017\/12\/Design-Pre\u0301sentationActionCO.pdf\">Design Pre\u0301sentationActionCO<\/a><\/li>\n<\/ul>\n<p>Sandie Fran\u00e7on, Charg\u00e9e des relations entreprises, se tient \u00e0 disposition si besoin de la pr\u00e9senter collectivement lors d\u2019un \u00e9v\u00e8nement du r\u00e9seau ou individuellement \u00e0 toute entreprise int\u00e9ress\u00e9e, qui correspondrait aux caract\u00e8res d\u2019\u00e9ligibilit\u00e9.<br \/>\nSes coordonn\u00e9es :\u00a0 T\u00e9l. +33(0)4 77 33 55 59<\/p>\n<\/div>\n<\/div>\n<\/div>\n<\/div>\n","protected":false},"excerpt":{"rendered":"<p>La Cit\u00e9 du Design propose, pour les adh\u00e9rents int\u00e9ress\u00e9s, une Action collective \u00ab design et organisation \u00bb.<\/p>\n","protected":false},"author":4,"featured_media":0,"comment_status":"closed","ping_status":"open","sticky":false,"template":"","format":"standard","meta":[],"categories":[5],"tags":[],"yoast_head":"<!-- This site is optimized with the Yoast SEO plugin v18.8 - https:\/\/yoast.com\/wordpress\/plugins\/seo\/ -->\n<title>Action collective Design Organisationnel - M\u00e9caloire<\/title>\n<meta name=\"robots\" content=\"index, follow, max-snippet:-1, max-image-preview:large, max-video-preview:-1\" \/>\n<link rel=\"canonical\" href=\"https:\/\/old.mecaloire.fr\/?p=3721\" \/>\n<meta property=\"og:locale\" content=\"fr_FR\" \/>\n<meta property=\"og:type\" content=\"article\" \/>\n<meta property=\"og:title\" content=\"Action collective Design Organisationnel - M\u00e9caloire\" \/>\n<meta property=\"og:description\" content=\"La Cit\u00e9 du Design propose, pour les adh\u00e9rents int\u00e9ress\u00e9s, une Action collective \u00ab design et organisation \u00bb.\" \/>\n<meta property=\"og:url\" content=\"https:\/\/old.mecaloire.fr\/?p=3721\" \/>\n<meta property=\"og:site_name\" content=\"M\u00e9caloire\" \/>\n<meta property=\"article:published_time\" content=\"2017-12-06T11:00:57+00:00\" \/>\n<meta name=\"twitter:card\" content=\"summary\" \/>\n<meta name=\"twitter:label1\" content=\"\u00c9crit par\" \/>\n\t<meta name=\"twitter:data1\" content=\"Laurence Magaud\" \/>\n\t<meta name=\"twitter:label2\" content=\"Dur\u00e9e de lecture estim\u00e9e\" \/>\n\t<meta name=\"twitter:data2\" content=\"1 minute\" \/>\n<script type=\"application\/ld+json\" class=\"yoast-schema-graph\">{\"@context\":\"https:\/\/schema.org\",\"@graph\":[{\"@type\":\"WebSite\",\"@id\":\"https:\/\/old.mecaloire.fr\/#website\",\"url\":\"https:\/\/old.mecaloire.fr\/\",\"name\":\"M\u00e9caloire\",\"description\":\"\",\"potentialAction\":[{\"@type\":\"SearchAction\",\"target\":{\"@type\":\"EntryPoint\",\"urlTemplate\":\"https:\/\/old.mecaloire.fr\/?s={search_term_string}\"},\"query-input\":\"required name=search_term_string\"}],\"inLanguage\":\"fr-FR\"},{\"@type\":\"WebPage\",\"@id\":\"https:\/\/old.mecaloire.fr\/?p=3721#webpage\",\"url\":\"https:\/\/old.mecaloire.fr\/?p=3721\",\"name\":\"Action collective Design Organisationnel - M\u00e9caloire\",\"isPartOf\":{\"@id\":\"https:\/\/old.mecaloire.fr\/#website\"},\"datePublished\":\"2017-12-06T11:00:57+00:00\",\"dateModified\":\"2017-12-06T11:00:57+00:00\",\"author\":{\"@id\":\"https:\/\/old.mecaloire.fr\/#\/schema\/person\/99ee6086c10fad9ada49333ff046e8db\"},\"breadcrumb\":{\"@id\":\"https:\/\/old.mecaloire.fr\/?p=3721#breadcrumb\"},\"inLanguage\":\"fr-FR\",\"potentialAction\":[{\"@type\":\"ReadAction\",\"target\":[\"https:\/\/old.mecaloire.fr\/?p=3721\"]}]},{\"@type\":\"BreadcrumbList\",\"@id\":\"https:\/\/old.mecaloire.fr\/?p=3721#breadcrumb\",\"itemListElement\":[{\"@type\":\"ListItem\",\"position\":1,\"name\":\"Accueil\",\"item\":\"https:\/\/old.mecaloire.fr\/\"},{\"@type\":\"ListItem\",\"position\":2,\"name\":\"Action collective Design Organisationnel\"}]},{\"@type\":\"Person\",\"@id\":\"https:\/\/old.mecaloire.fr\/#\/schema\/person\/99ee6086c10fad9ada49333ff046e8db\",\"name\":\"Laurence Magaud\",\"image\":{\"@type\":\"ImageObject\",\"inLanguage\":\"fr-FR\",\"@id\":\"https:\/\/old.mecaloire.fr\/#\/schema\/person\/image\/\",\"url\":\"https:\/\/secure.gravatar.com\/avatar\/180a9bbd61c961d7ddcfeaaa510effe5?s=96&d=mm&r=g\",\"contentUrl\":\"https:\/\/secure.gravatar.com\/avatar\/180a9bbd61c961d7ddcfeaaa510effe5?s=96&d=mm&r=g\",\"caption\":\"Laurence Magaud\"},\"url\":\"https:\/\/old.mecaloire.fr\/?author=4\"}]}<\/script>\n<!-- \/ Yoast SEO plugin. -->","yoast_head_json":{"title":"Action collective Design Organisationnel - M\u00e9caloire","robots":{"index":"index","follow":"follow","max-snippet":"max-snippet:-1","max-image-preview":"max-image-preview:large","max-video-preview":"max-video-preview:-1"},"canonical":"https:\/\/old.mecaloire.fr\/?p=3721","og_locale":"fr_FR","og_type":"article","og_title":"Action collective Design Organisationnel - M\u00e9caloire","og_description":"La Cit\u00e9 du Design propose, pour les adh\u00e9rents int\u00e9ress\u00e9s, une Action collective \u00ab design et organisation \u00bb.","og_url":"https:\/\/old.mecaloire.fr\/?p=3721","og_site_name":"M\u00e9caloire","article_published_time":"2017-12-06T11:00:57+00:00","twitter_card":"summary","twitter_misc":{"\u00c9crit par":"Laurence Magaud","Dur\u00e9e de lecture estim\u00e9e":"1 minute"},"schema":{"@context":"https:\/\/schema.org","@graph":[{"@type":"WebSite","@id":"https:\/\/old.mecaloire.fr\/#website","url":"https:\/\/old.mecaloire.fr\/","name":"M\u00e9caloire","description":"","potentialAction":[{"@type":"SearchAction","target":{"@type":"EntryPoint","urlTemplate":"https:\/\/old.mecaloire.fr\/?s={search_term_string}"},"query-input":"required name=search_term_string"}],"inLanguage":"fr-FR"},{"@type":"WebPage","@id":"https:\/\/old.mecaloire.fr\/?p=3721#webpage","url":"https:\/\/old.mecaloire.fr\/?p=3721","name":"Action collective Design Organisationnel - M\u00e9caloire","isPartOf":{"@id":"https:\/\/old.mecaloire.fr\/#website"},"datePublished":"2017-12-06T11:00:57+00:00","dateModified":"2017-12-06T11:00:57+00:00","author":{"@id":"https:\/\/old.mecaloire.fr\/#\/schema\/person\/99ee6086c10fad9ada49333ff046e8db"},"breadcrumb":{"@id":"https:\/\/old.mecaloire.fr\/?p=3721#breadcrumb"},"inLanguage":"fr-FR","potentialAction":[{"@type":"ReadAction","target":["https:\/\/old.mecaloire.fr\/?p=3721"]}]},{"@type":"BreadcrumbList","@id":"https:\/\/old.mecaloire.fr\/?p=3721#breadcrumb","itemListElement":[{"@type":"ListItem","position":1,"name":"Accueil","item":"https:\/\/old.mecaloire.fr\/"},{"@type":"ListItem","position":2,"name":"Action collective Design Organisationnel"}]},{"@type":"Person","@id":"https:\/\/old.mecaloire.fr\/#\/schema\/person\/99ee6086c10fad9ada49333ff046e8db","name":"Laurence Magaud","image":{"@type":"ImageObject","inLanguage":"fr-FR","@id":"https:\/\/old.mecaloire.fr\/#\/schema\/person\/image\/","url":"https:\/\/secure.gravatar.com\/avatar\/180a9bbd61c961d7ddcfeaaa510effe5?s=96&d=mm&r=g","contentUrl":"https:\/\/secure.gravatar.com\/avatar\/180a9bbd61c961d7ddcfeaaa510effe5?s=96&d=mm&r=g","caption":"Laurence Magaud"},"url":"https:\/\/old.mecaloire.fr\/?author=4"}]}},"_links":{"self":[{"href":"https:\/\/old.mecaloire.fr\/index.php?rest_route=\/wp\/v2\/posts\/3721"}],"collection":[{"href":"https:\/\/old.mecaloire.fr\/index.php?rest_route=\/wp\/v2\/posts"}],"about":[{"href":"https:\/\/old.mecaloire.fr\/index.php?rest_route=\/wp\/v2\/types\/post"}],"author":[{"embeddable":true,"href":"https:\/\/old.mecaloire.fr\/index.php?rest_route=\/wp\/v2\/users\/4"}],"replies":[{"embeddable":true,"href":"https:\/\/old.mecaloire.fr\/index.php?rest_route=%2Fwp%2Fv2%2Fcomments&post=3721"}],"version-history":[{"count":1,"href":"https:\/\/old.mecaloire.fr\/index.php?rest_route=\/wp\/v2\/posts\/3721\/revisions"}],"predecessor-version":[{"id":3724,"href":"https:\/\/old.mecaloire.fr\/index.php?rest_route=\/wp\/v2\/posts\/3721\/revisions\/3724"}],"wp:attachment":[{"href":"https:\/\/old.mecaloire.fr\/index.php?rest_route=%2Fwp%2Fv2%2Fmedia&parent=3721"}],"wp:term":[{"taxonomy":"category","embeddable":true,"href":"https:\/\/old.mecaloire.fr\/index.php?rest_route=%2Fwp%2Fv2%2Fcategories&post=3721"},{"taxonomy":"post_tag","embeddable":true,"href":"https:\/\/old.mecaloire.fr\/index.php?rest_route=%2Fwp%2Fv2%2Ftags&post=3721"}],"curies":[{"name":"wp","href":"https:\/\/api.w.org\/{rel}","templated":true}]}}